{"id":280,"date":"2021-08-29T08:34:53","date_gmt":"2021-08-29T06:34:53","guid":{"rendered":"https:\/\/dubuis-rudaz.provisoire.ch\/?p=280"},"modified":"2023-03-14T15:58:19","modified_gmt":"2023-03-14T14:58:19","slug":"degustation-vinea-tour-a-geneve","status":"publish","type":"post","link":"https:\/\/dubuis-rudaz.ch\/en\/degustation-vinea-tour-a-geneve\/","title":{"rendered":"VINEA TOUR tasting in Geneva"},"content":{"rendered":"<p>[et_pb_section fb_built=\u00a0\u00bb1&Prime; _builder_version=\u00a0\u00bb4.10.5&Prime; _module_preset=\u00a0\u00bbdefault\u00a0\u00bb global_colors_info=\u00a0\u00bb{}\u00a0\u00bb][et_pb_row _builder_version=\u00a0\u00bb4.10.5&Prime; _module_preset=\u00a0\u00bbdefault\u00a0\u00bb global_colors_info=\u00a0\u00bb{}\u00a0\u00bb][et_pb_column type=\u00a0\u00bb4_4&Prime; _builder_version=\u00a0\u00bb4.10.5&Prime; _module_preset=\u00a0\u00bbdefault\u00a0\u00bb global_colors_info=\u00a0\u00bb{}\u00a0\u00bb][et_pb_text _builder_version=\u00a0\u00bb4.10.5&Prime; _module_preset=\u00a0\u00bbdefault\u00a0\u00bb text_text_color=\u00a0\u00bb#000000&Prime; text_font_size=\u00a0\u00bb21px\u00a0\u00bb text_line_height=\u00a0\u00bb1.4em\u00a0\u00bb hover_enabled=\u00a0\u00bb0&Prime; global_colors_info=\u00a0\u00bb{}\u00a0\u00bb sticky_enabled=\u00a0\u00bb0&Prime;]<\/p>\n<div><span>Une magnifique d\u00e9gustation organis\u00e9e \u00e0 Gen\u00e8ve par Vin\u00e9a \u00e0 l&rsquo;H\u00f4tel Mandarin le mecredi 29 janvier 2020.<\/span><\/div>\n<div><span>\u00a0<\/span><\/div>\n<div><span>Plus de 350 visiteurs sont pass\u00e9s nous rendre visite et d\u00e9guster nos vins fortement appr\u00e9ci\u00e9s.<\/span><\/div>\n<div>\u00a0<\/div>\n<div>Merci aux organisateurs<\/div>\n<p>[\/et_pb_text][\/et_pb_column][\/et_pb_row][et_pb_row _builder_version=\u00a0\u00bb4.10.5&Prime; _module_preset=\u00a0\u00bbdefault\u00a0\u00bb global_colors_info=\u00a0\u00bb{}\u00a0\u00bb][et_pb_column type=\u00a0\u00bb4_4&Prime; _builder_version=\u00a0\u00bb4.10.5&Prime; _module_preset=\u00a0\u00bbdefault\u00a0\u00bb global_colors_info=\u00a0\u00bb{}\u00a0\u00bb][et_pb_image src=\u00a0\u00bbhttps:\/\/dubuis-rudaz.ch\/wp-content\/uploads\/2021\/08\/Dubuis09-1920w.png\u00a0\u00bb title_text=\u00a0\u00bbDubuis+09-1920w\u00a0\u00bb show_in_lightbox=\u00a0\u00bbon\u00a0\u00bb align=\u00a0\u00bbcenter\u00a0\u00bb _builder_version=\u00a0\u00bb4.10.5&Prime; _module_preset=\u00a0\u00bbdefault\u00a0\u00bb hover_enabled=\u00a0\u00bb0&Prime; global_colors_info=\u00a0\u00bb{}\u00a0\u00bb sticky_enabled=\u00a0\u00bb0&Prime; show_bottom_space=\u00a0\u00bboff\u00a0\u00bb custom_margin=\u00a0\u00bb||0px||false|false\u00a0\u00bb custom_padding=\u00a0\u00bb||0px||false|false\u00a0\u00bb][\/et_pb_image][et_pb_text _builder_version=\u00a0\u00bb4.10.5&Prime; _module_preset=\u00a0\u00bbdefault\u00a0\u00bb text_font=\u00a0\u00bb||on||||||\u00a0\u00bb text_orientation=\u00a0\u00bbcenter\u00a0\u00bb text_font_size=\u00a0\u00bb18px\u00a0\u00bb text_text_color=\u00a0\u00bb#000000&Prime; hover_enabled=\u00a0\u00bb0&Prime; sticky_enabled=\u00a0\u00bb0&Prime; custom_margin=\u00a0\u00bb0px||||false|false\u00a0\u00bb custom_padding=\u00a0\u00bb0px||||false|false\u00a0\u00bb]<\/p>\n<div><span>\u00a0<\/span><\/div>\n<div><span>Notre ambassadeur Peter en pleine action.<\/span><\/div>\n<div><\/div>\n<p>[\/et_pb_text][\/et_pb_column][\/et_pb_row][\/et_pb_section]<\/p>\n","protected":false},"excerpt":{"rendered":"<p>A magnificent tasting event organized in Geneva by Vin\u00e9a at the Mandarin Hotel on Wednesday, January 29, 2020. More than 350 visitors came to visit us and taste our highly acclaimed wines. Thank you to the organizers. Our ambassador Peter in action.<\/p>","protected":false},"author":1,"featured_media":281,"comment_status":"closed","ping_status":"closed","sticky":false,"template":"","format":"standard","meta":{"_et_pb_use_builder":"on","_et_pb_old_content":"","_et_gb_content_width":"2880","footnotes":""},"categories":[1],"tags":[],"class_list":["post-280","post","type-post","status-publish","format-standard","has-post-thumbnail","hentry","category-uncategorized"],"yoast_head":"<!-- This site is optimized with the Yoast SEO plugin v27.5 - https:\/\/yoast.com\/product\/yoast-seo-wordpress\/ -->\n<title>D\u00e9gustation VINEA TOUR \u00e0 Gen\u00e8ve - Dubuis Rudaz - Sion<\/title>\n<meta name=\"robots\" content=\"index, follow, max-snippet:-1, max-image-preview:large, max-video-preview:-1\" \/>\n<link rel=\"canonical\" href=\"https:\/\/dubuis-rudaz.ch\/en\/degustation-vinea-tour-a-geneve\/\" \/>\n<meta property=\"og:locale\" content=\"en_GB\" \/>\n<meta property=\"og:type\" content=\"article\" \/>\n<meta property=\"og:title\" content=\"D\u00e9gustation VINEA TOUR \u00e0 Gen\u00e8ve - Dubuis Rudaz - Sion\" \/>\n<meta property=\"og:description\" content=\"Une magnifique d\u00e9gustation organis\u00e9e \u00e0 Gen\u00e8ve par Vin\u00e9a \u00e0 l&#039;H\u00f4tel Mandarin le mecredi 29 janvier 2020. \u00a0 Plus de 350 visiteurs sont pass\u00e9s nous rendre visite et d\u00e9guster nos vins fortement appr\u00e9ci\u00e9s. \u00a0 Merci aux organisateurs\u00a0 Notre ambassadeur Peter en pleine action.\" \/>\n<meta property=\"og:url\" content=\"https:\/\/dubuis-rudaz.ch\/en\/degustation-vinea-tour-a-geneve\/\" \/>\n<meta property=\"og:site_name\" content=\"Dubuis Rudaz - Sion\" \/>\n<meta property=\"article:published_time\" content=\"2021-08-29T06:34:53+00:00\" \/>\n<meta property=\"article:modified_time\" content=\"2023-03-14T14:58:19+00:00\" \/>\n<meta property=\"og:image\" content=\"https:\/\/dubuis-rudaz.ch\/wp-content\/uploads\/2021\/08\/Dubuis09-1920w.png\" \/>\n\t<meta property=\"og:image:width\" content=\"1920\" \/>\n\t<meta property=\"og:image:height\" content=\"1280\" \/>\n\t<meta property=\"og:image:type\" content=\"image\/png\" \/>\n<meta name=\"author\" content=\"Pierre-Yves\" \/>\n<meta name=\"twitter:card\" content=\"summary_large_image\" \/>\n<meta name=\"twitter:label1\" content=\"Written by\" \/>\n\t<meta name=\"twitter:data1\" content=\"Pierre-Yves\" \/>\n\t<meta name=\"twitter:label2\" content=\"Estimated reading time\" \/>\n\t<meta name=\"twitter:data2\" content=\"1 minute\" \/>\n<script type=\"application\/ld+json\" class=\"yoast-schema-graph\">{\"@context\":\"https:\\\/\\\/schema.org\",\"@graph\":[{\"@type\":\"Article\",\"@id\":\"https:\\\/\\\/dubuis-rudaz.ch\\\/degustation-vinea-tour-a-geneve\\\/#article\",\"isPartOf\":{\"@id\":\"https:\\\/\\\/dubuis-rudaz.ch\\\/degustation-vinea-tour-a-geneve\\\/\"},\"author\":{\"name\":\"Pierre-Yves\",\"@id\":\"https:\\\/\\\/dubuis-rudaz.ch\\\/#\\\/schema\\\/person\\\/0e3ea11cadb71a7d3e552d6d0a63bdfd\"},\"headline\":\"D\u00e9gustation VINEA TOUR \u00e0 Gen\u00e8ve\",\"datePublished\":\"2021-08-29T06:34:53+00:00\",\"dateModified\":\"2023-03-14T14:58:19+00:00\",\"mainEntityOfPage\":{\"@id\":\"https:\\\/\\\/dubuis-rudaz.ch\\\/degustation-vinea-tour-a-geneve\\\/\"},\"wordCount\":245,\"publisher\":{\"@id\":\"https:\\\/\\\/dubuis-rudaz.ch\\\/#organization\"},\"image\":{\"@id\":\"https:\\\/\\\/dubuis-rudaz.ch\\\/degustation-vinea-tour-a-geneve\\\/#primaryimage\"},\"thumbnailUrl\":\"https:\\\/\\\/dubuis-rudaz.ch\\\/wp-content\\\/uploads\\\/2021\\\/08\\\/Dubuis09-1920w.png\",\"articleSection\":[\"Uncategorized\"],\"inLanguage\":\"en-GB\"},{\"@type\":\"WebPage\",\"@id\":\"https:\\\/\\\/dubuis-rudaz.ch\\\/degustation-vinea-tour-a-geneve\\\/\",\"url\":\"https:\\\/\\\/dubuis-rudaz.ch\\\/degustation-vinea-tour-a-geneve\\\/\",\"name\":\"D\u00e9gustation VINEA TOUR \u00e0 Gen\u00e8ve - Dubuis Rudaz - Sion\",\"isPartOf\":{\"@id\":\"https:\\\/\\\/dubuis-rudaz.ch\\\/#website\"},\"primaryImageOfPage\":{\"@id\":\"https:\\\/\\\/dubuis-rudaz.ch\\\/degustation-vinea-tour-a-geneve\\\/#primaryimage\"},\"image\":{\"@id\":\"https:\\\/\\\/dubuis-rudaz.ch\\\/degustation-vinea-tour-a-geneve\\\/#primaryimage\"},\"thumbnailUrl\":\"https:\\\/\\\/dubuis-rudaz.ch\\\/wp-content\\\/uploads\\\/2021\\\/08\\\/Dubuis09-1920w.png\",\"datePublished\":\"2021-08-29T06:34:53+00:00\",\"dateModified\":\"2023-03-14T14:58:19+00:00\",\"breadcrumb\":{\"@id\":\"https:\\\/\\\/dubuis-rudaz.ch\\\/degustation-vinea-tour-a-geneve\\\/#breadcrumb\"},\"inLanguage\":\"en-GB\",\"potentialAction\":[{\"@type\":\"ReadAction\",\"target\":[\"https:\\\/\\\/dubuis-rudaz.ch\\\/degustation-vinea-tour-a-geneve\\\/\"]}]},{\"@type\":\"ImageObject\",\"inLanguage\":\"en-GB\",\"@id\":\"https:\\\/\\\/dubuis-rudaz.ch\\\/degustation-vinea-tour-a-geneve\\\/#primaryimage\",\"url\":\"https:\\\/\\\/dubuis-rudaz.ch\\\/wp-content\\\/uploads\\\/2021\\\/08\\\/Dubuis09-1920w.png\",\"contentUrl\":\"https:\\\/\\\/dubuis-rudaz.ch\\\/wp-content\\\/uploads\\\/2021\\\/08\\\/Dubuis09-1920w.png\",\"width\":1920,\"height\":1280},{\"@type\":\"BreadcrumbList\",\"@id\":\"https:\\\/\\\/dubuis-rudaz.ch\\\/degustation-vinea-tour-a-geneve\\\/#breadcrumb\",\"itemListElement\":[{\"@type\":\"ListItem\",\"position\":1,\"name\":\"Accueil\",\"item\":\"https:\\\/\\\/dubuis-rudaz.ch\\\/\"},{\"@type\":\"ListItem\",\"position\":2,\"name\":\"D\u00e9gustation VINEA TOUR \u00e0 Gen\u00e8ve\"}]},{\"@type\":\"WebSite\",\"@id\":\"https:\\\/\\\/dubuis-rudaz.ch\\\/#website\",\"url\":\"https:\\\/\\\/dubuis-rudaz.ch\\\/\",\"name\":\"Dubuis Rudaz - Sion\",\"description\":\"Vigneron encaveur valaisans depuis 1986\",\"publisher\":{\"@id\":\"https:\\\/\\\/dubuis-rudaz.ch\\\/#organization\"},\"potentialAction\":[{\"@type\":\"SearchAction\",\"target\":{\"@type\":\"EntryPoint\",\"urlTemplate\":\"https:\\\/\\\/dubuis-rudaz.ch\\\/?s={search_term_string}\"},\"query-input\":{\"@type\":\"PropertyValueSpecification\",\"valueRequired\":true,\"valueName\":\"search_term_string\"}}],\"inLanguage\":\"en-GB\"},{\"@type\":\"Organization\",\"@id\":\"https:\\\/\\\/dubuis-rudaz.ch\\\/#organization\",\"name\":\"Dubuis Rudaz Vins - Sion\",\"url\":\"https:\\\/\\\/dubuis-rudaz.ch\\\/\",\"logo\":{\"@type\":\"ImageObject\",\"inLanguage\":\"en-GB\",\"@id\":\"https:\\\/\\\/dubuis-rudaz.ch\\\/#\\\/schema\\\/logo\\\/image\\\/\",\"url\":\"https:\\\/\\\/dubuis-rudaz.ch\\\/wp-content\\\/uploads\\\/2021\\\/08\\\/favicon.png\",\"contentUrl\":\"https:\\\/\\\/dubuis-rudaz.ch\\\/wp-content\\\/uploads\\\/2021\\\/08\\\/favicon.png\",\"width\":501,\"height\":501,\"caption\":\"Dubuis Rudaz Vins - Sion\"},\"image\":{\"@id\":\"https:\\\/\\\/dubuis-rudaz.ch\\\/#\\\/schema\\\/logo\\\/image\\\/\"}},{\"@type\":\"Person\",\"@id\":\"https:\\\/\\\/dubuis-rudaz.ch\\\/#\\\/schema\\\/person\\\/0e3ea11cadb71a7d3e552d6d0a63bdfd\",\"name\":\"Pierre-Yves\",\"image\":{\"@type\":\"ImageObject\",\"inLanguage\":\"en-GB\",\"@id\":\"https:\\\/\\\/secure.gravatar.com\\\/avatar\\\/efc11d28d1da21a2cd80013833a24c0ba9b928fcf24d91a91622f58f4c897e70?s=96&d=mm&r=g\",\"url\":\"https:\\\/\\\/secure.gravatar.com\\\/avatar\\\/efc11d28d1da21a2cd80013833a24c0ba9b928fcf24d91a91622f58f4c897e70?s=96&d=mm&r=g\",\"contentUrl\":\"https:\\\/\\\/secure.gravatar.com\\\/avatar\\\/efc11d28d1da21a2cd80013833a24c0ba9b928fcf24d91a91622f58f4c897e70?s=96&d=mm&r=g\",\"caption\":\"Pierre-Yves\"},\"sameAs\":[\"https:\\\/\\\/dubuis-rudaz.ch\"],\"url\":\"https:\\\/\\\/dubuis-rudaz.ch\\\/en\\\/author\\\/webmasterdr\\\/\"}]}<\/script>\n<!-- \/ Yoast SEO plugin. -->","yoast_head_json":{"title":"VINEA TOUR tasting in Geneva - Dubuis Rudaz - Sion","robots":{"index":"index","follow":"follow","max-snippet":"max-snippet:-1","max-image-preview":"max-image-preview:large","max-video-preview":"max-video-preview:-1"},"canonical":"https:\/\/dubuis-rudaz.ch\/en\/degustation-vinea-tour-a-geneve\/","og_locale":"en_GB","og_type":"article","og_title":"D\u00e9gustation VINEA TOUR \u00e0 Gen\u00e8ve - Dubuis Rudaz - Sion","og_description":"Une magnifique d\u00e9gustation organis\u00e9e \u00e0 Gen\u00e8ve par Vin\u00e9a \u00e0 l'H\u00f4tel Mandarin le mecredi 29 janvier 2020. \u00a0 Plus de 350 visiteurs sont pass\u00e9s nous rendre visite et d\u00e9guster nos vins fortement appr\u00e9ci\u00e9s. \u00a0 Merci aux organisateurs\u00a0 Notre ambassadeur Peter en pleine action.","og_url":"https:\/\/dubuis-rudaz.ch\/en\/degustation-vinea-tour-a-geneve\/","og_site_name":"Dubuis Rudaz - Sion","article_published_time":"2021-08-29T06:34:53+00:00","article_modified_time":"2023-03-14T14:58:19+00:00","og_image":[{"width":1920,"height":1280,"url":"https:\/\/dubuis-rudaz.ch\/wp-content\/uploads\/2021\/08\/Dubuis09-1920w.png","type":"image\/png"}],"author":"Pierre-Yves","twitter_card":"summary_large_image","twitter_misc":{"Written by":"Pierre-Yves","Estimated reading time":"1 minute"},"schema":{"@context":"https:\/\/schema.org","@graph":[{"@type":"Article","@id":"https:\/\/dubuis-rudaz.ch\/degustation-vinea-tour-a-geneve\/#article","isPartOf":{"@id":"https:\/\/dubuis-rudaz.ch\/degustation-vinea-tour-a-geneve\/"},"author":{"name":"Pierre-Yves","@id":"https:\/\/dubuis-rudaz.ch\/#\/schema\/person\/0e3ea11cadb71a7d3e552d6d0a63bdfd"},"headline":"D\u00e9gustation VINEA TOUR \u00e0 Gen\u00e8ve","datePublished":"2021-08-29T06:34:53+00:00","dateModified":"2023-03-14T14:58:19+00:00","mainEntityOfPage":{"@id":"https:\/\/dubuis-rudaz.ch\/degustation-vinea-tour-a-geneve\/"},"wordCount":245,"publisher":{"@id":"https:\/\/dubuis-rudaz.ch\/#organization"},"image":{"@id":"https:\/\/dubuis-rudaz.ch\/degustation-vinea-tour-a-geneve\/#primaryimage"},"thumbnailUrl":"https:\/\/dubuis-rudaz.ch\/wp-content\/uploads\/2021\/08\/Dubuis09-1920w.png","articleSection":["Uncategorized"],"inLanguage":"en-GB"},{"@type":"WebPage","@id":"https:\/\/dubuis-rudaz.ch\/degustation-vinea-tour-a-geneve\/","url":"https:\/\/dubuis-rudaz.ch\/degustation-vinea-tour-a-geneve\/","name":"VINEA TOUR tasting in Geneva - Dubuis Rudaz - Sion","isPartOf":{"@id":"https:\/\/dubuis-rudaz.ch\/#website"},"primaryImageOfPage":{"@id":"https:\/\/dubuis-rudaz.ch\/degustation-vinea-tour-a-geneve\/#primaryimage"},"image":{"@id":"https:\/\/dubuis-rudaz.ch\/degustation-vinea-tour-a-geneve\/#primaryimage"},"thumbnailUrl":"https:\/\/dubuis-rudaz.ch\/wp-content\/uploads\/2021\/08\/Dubuis09-1920w.png","datePublished":"2021-08-29T06:34:53+00:00","dateModified":"2023-03-14T14:58:19+00:00","breadcrumb":{"@id":"https:\/\/dubuis-rudaz.ch\/degustation-vinea-tour-a-geneve\/#breadcrumb"},"inLanguage":"en-GB","potentialAction":[{"@type":"ReadAction","target":["https:\/\/dubuis-rudaz.ch\/degustation-vinea-tour-a-geneve\/"]}]},{"@type":"ImageObject","inLanguage":"en-GB","@id":"https:\/\/dubuis-rudaz.ch\/degustation-vinea-tour-a-geneve\/#primaryimage","url":"https:\/\/dubuis-rudaz.ch\/wp-content\/uploads\/2021\/08\/Dubuis09-1920w.png","contentUrl":"https:\/\/dubuis-rudaz.ch\/wp-content\/uploads\/2021\/08\/Dubuis09-1920w.png","width":1920,"height":1280},{"@type":"BreadcrumbList","@id":"https:\/\/dubuis-rudaz.ch\/degustation-vinea-tour-a-geneve\/#breadcrumb","itemListElement":[{"@type":"ListItem","position":1,"name":"Accueil","item":"https:\/\/dubuis-rudaz.ch\/"},{"@type":"ListItem","position":2,"name":"D\u00e9gustation VINEA TOUR \u00e0 Gen\u00e8ve"}]},{"@type":"WebSite","@id":"https:\/\/dubuis-rudaz.ch\/#website","url":"https:\/\/dubuis-rudaz.ch\/","name":"Dubuis Rudaz - Sion","description":"Valais winegrower since 1986","publisher":{"@id":"https:\/\/dubuis-rudaz.ch\/#organization"},"potentialAction":[{"@type":"SearchAction","target":{"@type":"EntryPoint","urlTemplate":"https:\/\/dubuis-rudaz.ch\/?s={search_term_string}"},"query-input":{"@type":"PropertyValueSpecification","valueRequired":true,"valueName":"search_term_string"}}],"inLanguage":"en-GB"},{"@type":"Organization","@id":"https:\/\/dubuis-rudaz.ch\/#organization","name":"Dubuis Rudaz Wines - Sion","url":"https:\/\/dubuis-rudaz.ch\/","logo":{"@type":"ImageObject","inLanguage":"en-GB","@id":"https:\/\/dubuis-rudaz.ch\/#\/schema\/logo\/image\/","url":"https:\/\/dubuis-rudaz.ch\/wp-content\/uploads\/2021\/08\/favicon.png","contentUrl":"https:\/\/dubuis-rudaz.ch\/wp-content\/uploads\/2021\/08\/favicon.png","width":501,"height":501,"caption":"Dubuis Rudaz Vins - Sion"},"image":{"@id":"https:\/\/dubuis-rudaz.ch\/#\/schema\/logo\/image\/"}},{"@type":"Person","@id":"https:\/\/dubuis-rudaz.ch\/#\/schema\/person\/0e3ea11cadb71a7d3e552d6d0a63bdfd","name":"Pierre-Yves","image":{"@type":"ImageObject","inLanguage":"en-GB","@id":"https:\/\/secure.gravatar.com\/avatar\/efc11d28d1da21a2cd80013833a24c0ba9b928fcf24d91a91622f58f4c897e70?s=96&d=mm&r=g","url":"https:\/\/secure.gravatar.com\/avatar\/efc11d28d1da21a2cd80013833a24c0ba9b928fcf24d91a91622f58f4c897e70?s=96&d=mm&r=g","contentUrl":"https:\/\/secure.gravatar.com\/avatar\/efc11d28d1da21a2cd80013833a24c0ba9b928fcf24d91a91622f58f4c897e70?s=96&d=mm&r=g","caption":"Pierre-Yves"},"sameAs":["https:\/\/dubuis-rudaz.ch"],"url":"https:\/\/dubuis-rudaz.ch\/en\/author\/webmasterdr\/"}]}},"_links":{"self":[{"href":"https:\/\/dubuis-rudaz.ch\/en\/wp-json\/wp\/v2\/posts\/280","targetHints":{"allow":["GET"]}}],"collection":[{"href":"https:\/\/dubuis-rudaz.ch\/en\/wp-json\/wp\/v2\/posts"}],"about":[{"href":"https:\/\/dubuis-rudaz.ch\/en\/wp-json\/wp\/v2\/types\/post"}],"author":[{"embeddable":true,"href":"https:\/\/dubuis-rudaz.ch\/en\/wp-json\/wp\/v2\/users\/1"}],"replies":[{"embeddable":true,"href":"https:\/\/dubuis-rudaz.ch\/en\/wp-json\/wp\/v2\/comments?post=280"}],"version-history":[{"count":2,"href":"https:\/\/dubuis-rudaz.ch\/en\/wp-json\/wp\/v2\/posts\/280\/revisions"}],"predecessor-version":[{"id":283,"href":"https:\/\/dubuis-rudaz.ch\/en\/wp-json\/wp\/v2\/posts\/280\/revisions\/283"}],"wp:featuredmedia":[{"embeddable":true,"href":"https:\/\/dubuis-rudaz.ch\/en\/wp-json\/wp\/v2\/media\/281"}],"wp:attachment":[{"href":"https:\/\/dubuis-rudaz.ch\/en\/wp-json\/wp\/v2\/media?parent=280"}],"wp:term":[{"taxonomy":"category","embeddable":true,"href":"https:\/\/dubuis-rudaz.ch\/en\/wp-json\/wp\/v2\/categories?post=280"},{"taxonomy":"post_tag","embeddable":true,"href":"https:\/\/dubuis-rudaz.ch\/en\/wp-json\/wp\/v2\/tags?post=280"}],"curies":[{"name":"wp","href":"https:\/\/api.w.org\/{rel}","templated":true}]}}